{"id":612,"date":"2023-02-04T16:39:26","date_gmt":"2023-02-04T15:39:26","guid":{"rendered":"https:\/\/peaudemiel.fr\/?p=612"},"modified":"2023-02-04T16:39:26","modified_gmt":"2023-02-04T15:39:26","slug":"saint-valentine","status":"publish","type":"post","link":"https:\/\/peaudemiel.fr\/index.php\/2023\/02\/04\/saint-valentine\/","title":{"rendered":"Saint Valentin*E"},"content":{"rendered":"<div class=\"wp-block-image\">\n<figure class=\"alignleft size-full is-resized\"><a href=\"https:\/\/peaudemiel.fr\/wp-content\/uploads\/2023\/02\/stvalentin23.jpg\"><img loading=\"lazy\" decoding=\"async\" src=\"https:\/\/peaudemiel.fr\/wp-content\/uploads\/2023\/02\/stvalentin23.jpg\" alt=\"\" class=\"wp-image-613\" width=\"183\" height=\"244\" srcset=\"https:\/\/peaudemiel.fr\/wp-content\/uploads\/2023\/02\/stvalentin23.jpg 600w, https:\/\/peaudemiel.fr\/wp-content\/uploads\/2023\/02\/stvalentin23-225x300.jpg 225w\" sizes=\"auto, (max-width: 183px) 100vw, 183px\" \/><\/a><\/figure>\n<\/div>\n\n\n<p class=\"has-text-align-center\">Coffret Peau de Miel Saint Valentin*e<br>Une cr\u00e8me pour les mains et un savon 10\u20ac<\/p>\n\n\n\n<p class=\"has-text-align-center\">Le coffret Peau de Miel est offert<br>pour l\u2019achat d\u2019un bon cadeau<br>LUNE DE MIEL EN FEVRIER<\/p>\n\n\n\n<p class=\"has-text-align-center\">un soin du visage et<br>1 heure de massage \u00e0 la bougie 130\u20ac<\/p>\n\n\n\n<p><\/p>\n\n\n\n<p class=\"has-text-align-center\">Offre valable jusqu\u2019au 10 f\u00e9vrier<\/p>\n\n\n\n<p class=\"has-text-align-center\">dans la limite du stock de coffrets disponibles<\/p>\n\n\n\n<hr class=\"wp-block-separator has-alpha-channel-opacity\"\/>\n\n\n\n<p class=\"has-text-align-center\">L\u2019Institut ferme ses portes du 11 au 18 f\u00e9vrier<br>\u00e0 tr\u00e8s vite les Valentine et Valentin !<\/p>\n","protected":false},"excerpt":{"rendered":"<p>Coffret Peau de Miel Saint Valentin*eUne cr\u00e8me pour les mains et un savon 10\u20ac Le coffret Peau de Miel est offertpour l\u2019achat d\u2019un bon cadeauLUNE DE MIEL EN FEVRIER un soin du visage et1 heure de massage \u00e0 la bougie &hellip; <a href=\"https:\/\/peaudemiel.fr\/index.php\/2023\/02\/04\/saint-valentine\/\">Lire la suite <span class=\"meta-nav\">&rarr;<\/span><\/a><\/p>\n","protected":false},"author":1,"featured_media":0,"comment_status":"closed","ping_status":"closed","sticky":false,"template":"","format":"standard","meta":{"ngg_post_thumbnail":0,"footnotes":""},"categories":[1],"tags":[],"class_list":["post-612","post","type-post","status-publish","format-standard","hentry","category-non-classe"],"_links":{"self":[{"href":"https:\/\/peaudemiel.fr\/index.php\/wp-json\/wp\/v2\/posts\/612","targetHints":{"allow":["GET"]}}],"collection":[{"href":"https:\/\/peaudemiel.fr\/index.php\/wp-json\/wp\/v2\/posts"}],"about":[{"href":"https:\/\/peaudemiel.fr\/index.php\/wp-json\/wp\/v2\/types\/post"}],"author":[{"embeddable":true,"href":"https:\/\/peaudemiel.fr\/index.php\/wp-json\/wp\/v2\/users\/1"}],"replies":[{"embeddable":true,"href":"https:\/\/peaudemiel.fr\/index.php\/wp-json\/wp\/v2\/comments?post=612"}],"version-history":[{"count":1,"href":"https:\/\/peaudemiel.fr\/index.php\/wp-json\/wp\/v2\/posts\/612\/revisions"}],"predecessor-version":[{"id":614,"href":"https:\/\/peaudemiel.fr\/index.php\/wp-json\/wp\/v2\/posts\/612\/revisions\/614"}],"wp:attachment":[{"href":"https:\/\/peaudemiel.fr\/index.php\/wp-json\/wp\/v2\/media?parent=612"}],"wp:term":[{"taxonomy":"category","embeddable":true,"href":"https:\/\/peaudemiel.fr\/index.php\/wp-json\/wp\/v2\/categories?post=612"},{"taxonomy":"post_tag","embeddable":true,"href":"https:\/\/peaudemiel.fr\/index.php\/wp-json\/wp\/v2\/tags?post=612"}],"curies":[{"name":"wp","href":"https:\/\/api.w.org\/{rel}","templated":true}]}}