{"id":551,"date":"2021-10-29T16:30:05","date_gmt":"2021-10-29T15:30:05","guid":{"rendered":"http:\/\/peaudemiel.fr\/?p=551"},"modified":"2021-10-29T16:30:05","modified_gmt":"2021-10-29T15:30:05","slug":"une-implantation-au-mois-des-plantations","status":"publish","type":"post","link":"https:\/\/peaudemiel.fr\/index.php\/2021\/10\/29\/une-implantation-au-mois-des-plantations\/","title":{"rendered":"Une Implantation au mois des plantations !"},"content":{"rendered":"\n<p style=\"text-align:center\"><strong>Novembre en douceur avec l\u2019arriv\u00e9e d\u2019une nouvelle<\/strong><\/p>\n\n\n\n<h2 class=\"wp-block-heading\"><strong>Capucine &amp; Compagnie<\/strong><\/h2>\n\n\n\n<p style=\"text-align:center\">Voici une belle d\u00e9couverte, authentique,<\/p>\n\n\n\n<p style=\"text-align:center\">&nbsp;efficace et\n100% naturelle<\/p>\n\n\n\n<p style=\"text-align:center\">Juste \u00e0 temps pour r\u00e9chauffer le jardin d\u2019hiver<\/p>\n\n\n\n<p style=\"text-align:center\">de Peau de Miel et surprendre l\u2019automne<\/p>\n\n\n\n<div class=\"wp-block-image\"><figure class=\"aligncenter\"><img loading=\"lazy\" decoding=\"async\" width=\"256\" height=\"370\" src=\"https:\/\/peaudemiel.fr\/wp-content\/uploads\/2021\/10\/capucine_co.jpg\" alt=\"\" class=\"wp-image-552\" srcset=\"https:\/\/peaudemiel.fr\/wp-content\/uploads\/2021\/10\/capucine_co.jpg 256w, https:\/\/peaudemiel.fr\/wp-content\/uploads\/2021\/10\/capucine_co-208x300.jpg 208w\" sizes=\"auto, (max-width: 256px) 100vw, 256px\" \/><figcaption>Capucine &amp; Co<\/figcaption><\/figure><\/div>\n\n\n\n<p style=\"text-align:center\">Venez d\u00e9couvrir Capucine\n&amp; Compagnie<\/p>\n\n\n\n<p style=\"text-align:center\">&nbsp;en avant\npremi\u00e8re<\/p>\n\n\n\n<p style=\"text-align:center\">au March\u00e9 de l\u2019Avent du Foyer Rural<\/p>\n\n\n\n<p style=\"text-align:center\">Dimanche 28 novembre 2021<\/p>\n\n\n\n<p style=\"text-align:center\">Salle des f\u00eates de st Pierre d\u2019Amilly<\/p>\n\n\n\n<p style=\"text-align:center\">En novembre plantons,\nsemons de la joie et des arbres&nbsp;!<\/p>\n\n\n\n<p style=\"text-align:center\">Attention Vacances&nbsp;! Peau de Miel sera ferm\u00e9 du\n29 au 7 Novembre<\/p>\n\n\n\n<p style=\"text-align:center\">A bient\u00f4t<\/p>\n","protected":false},"excerpt":{"rendered":"<p>Novembre en douceur avec l\u2019arriv\u00e9e d\u2019une nouvelle Capucine &amp; Compagnie Voici une belle d\u00e9couverte, authentique, &nbsp;efficace et 100% naturelle Juste \u00e0 temps pour r\u00e9chauffer le jardin d\u2019hiver de Peau de Miel et surprendre l\u2019automne Venez d\u00e9couvrir Capucine &amp; Compagnie &nbsp;en &hellip; <a href=\"https:\/\/peaudemiel.fr\/index.php\/2021\/10\/29\/une-implantation-au-mois-des-plantations\/\">Lire la suite <span class=\"meta-nav\">&rarr;<\/span><\/a><\/p>\n","protected":false},"author":1,"featured_media":0,"comment_status":"closed","ping_status":"closed","sticky":false,"template":"","format":"standard","meta":{"ngg_post_thumbnail":0,"footnotes":""},"categories":[1],"tags":[],"class_list":["post-551","post","type-post","status-publish","format-standard","hentry","category-non-classe"],"_links":{"self":[{"href":"https:\/\/peaudemiel.fr\/index.php\/wp-json\/wp\/v2\/posts\/551","targetHints":{"allow":["GET"]}}],"collection":[{"href":"https:\/\/peaudemiel.fr\/index.php\/wp-json\/wp\/v2\/posts"}],"about":[{"href":"https:\/\/peaudemiel.fr\/index.php\/wp-json\/wp\/v2\/types\/post"}],"author":[{"embeddable":true,"href":"https:\/\/peaudemiel.fr\/index.php\/wp-json\/wp\/v2\/users\/1"}],"replies":[{"embeddable":true,"href":"https:\/\/peaudemiel.fr\/index.php\/wp-json\/wp\/v2\/comments?post=551"}],"version-history":[{"count":1,"href":"https:\/\/peaudemiel.fr\/index.php\/wp-json\/wp\/v2\/posts\/551\/revisions"}],"predecessor-version":[{"id":553,"href":"https:\/\/peaudemiel.fr\/index.php\/wp-json\/wp\/v2\/posts\/551\/revisions\/553"}],"wp:attachment":[{"href":"https:\/\/peaudemiel.fr\/index.php\/wp-json\/wp\/v2\/media?parent=551"}],"wp:term":[{"taxonomy":"category","embeddable":true,"href":"https:\/\/peaudemiel.fr\/index.php\/wp-json\/wp\/v2\/categories?post=551"},{"taxonomy":"post_tag","embeddable":true,"href":"https:\/\/peaudemiel.fr\/index.php\/wp-json\/wp\/v2\/tags?post=551"}],"curies":[{"name":"wp","href":"https:\/\/api.w.org\/{rel}","templated":true}]}}