{"id":548,"date":"2021-10-07T18:18:03","date_gmt":"2021-10-07T17:18:03","guid":{"rendered":"http:\/\/peaudemiel.fr\/?p=548"},"modified":"2021-10-07T18:18:03","modified_gmt":"2021-10-07T17:18:03","slug":"octobre","status":"publish","type":"post","link":"https:\/\/peaudemiel.fr\/index.php\/2021\/10\/07\/octobre\/","title":{"rendered":"OCTOBRE"},"content":{"rendered":"\n<p style=\"text-align:center\">L\u2019automne c\u2019est l\u2019 \u00e9v\u00e9nement durant lequel&nbsp;<\/p>\n\n\n\n<p style=\"text-align:center\">le soleil passe au z\u00e9nith de l&rsquo;\u00e9quateur&nbsp;<\/p>\n\n\n\n<p style=\"text-align:center\">et nous fait changer doucement de saison.&nbsp;<br><\/p>\n\n\n\n<p style=\"text-align:center\">D\u00e9couvrez l\u2019 \u00e9nergie d\u2019un Soin d\u2019Automne tout Rose pour \u00e9loigner les tensions et prendre soin de Vous &nbsp;<br><\/p>\n\n\n\n<figure class=\"wp-block-image\"><img decoding=\"async\" src=\"https:\/\/lh4.googleusercontent.com\/E7O913GJefaSjLqOwgLl9HnXovEBZUeGFsyjke2WcAa7tLDkXIYN-xvRmyxoyssoqoKnQJu4LCANu4I5OVjTqI3jlpAaF_VXhfLQGWTjGMNZnrgI4ej2Y4Lu3ZwBj2dCghmlKK4RXze95fsiog=s0\" alt=\"\"\/><\/figure>\n\n\n\n<h2 class=\"wp-block-heading\"><strong>&nbsp;Soin Rose pour le dos<\/strong><br><\/h2>\n\n\n\n<p style=\"text-align:center\"><strong>Gommage<\/strong> \u00e0 la poudre de riz et lilas blanc<\/p>\n\n\n\n<p style=\"text-align:center\"><strong>Massage<\/strong> de relaxation&nbsp;<\/p>\n\n\n\n<p style=\"text-align:center\">avec 7 huiles essentielles et 4 huiles v\u00e9g\u00e9tales<\/p>\n\n\n\n<p style=\"text-align:center\"><strong>Lait corporel<\/strong><\/p>\n\n\n\n<p style=\"text-align:center\">au beurre de karit\u00e9&nbsp; et alo\u00e9 v\u00e9ra<\/p>\n\n\n\n<p style=\"text-align:center\">et un cadeau surprise<br><\/p>\n\n\n\n<p style=\"text-align:center\"><strong>3&nbsp;\/4 d\u2019heure 35 euros&nbsp;<\/strong><\/p>\n\n\n\n<p style=\"text-align:center\">offre valable jusqu\u2019au 30 octobre 2021&nbsp;<br><\/p>\n","protected":false},"excerpt":{"rendered":"<p>L\u2019automne c\u2019est l\u2019 \u00e9v\u00e9nement durant lequel&nbsp; le soleil passe au z\u00e9nith de l&rsquo;\u00e9quateur&nbsp; et nous fait changer doucement de saison.&nbsp; D\u00e9couvrez l\u2019 \u00e9nergie d\u2019un Soin d\u2019Automne tout Rose pour \u00e9loigner les tensions et prendre soin de Vous &nbsp; &nbsp;Soin Rose &hellip; <a href=\"https:\/\/peaudemiel.fr\/index.php\/2021\/10\/07\/octobre\/\">Lire la suite <span class=\"meta-nav\">&rarr;<\/span><\/a><\/p>\n","protected":false},"author":1,"featured_media":0,"comment_status":"closed","ping_status":"closed","sticky":false,"template":"","format":"standard","meta":{"ngg_post_thumbnail":0,"footnotes":""},"categories":[1],"tags":[],"class_list":["post-548","post","type-post","status-publish","format-standard","hentry","category-non-classe"],"_links":{"self":[{"href":"https:\/\/peaudemiel.fr\/index.php\/wp-json\/wp\/v2\/posts\/548","targetHints":{"allow":["GET"]}}],"collection":[{"href":"https:\/\/peaudemiel.fr\/index.php\/wp-json\/wp\/v2\/posts"}],"about":[{"href":"https:\/\/peaudemiel.fr\/index.php\/wp-json\/wp\/v2\/types\/post"}],"author":[{"embeddable":true,"href":"https:\/\/peaudemiel.fr\/index.php\/wp-json\/wp\/v2\/users\/1"}],"replies":[{"embeddable":true,"href":"https:\/\/peaudemiel.fr\/index.php\/wp-json\/wp\/v2\/comments?post=548"}],"version-history":[{"count":1,"href":"https:\/\/peaudemiel.fr\/index.php\/wp-json\/wp\/v2\/posts\/548\/revisions"}],"predecessor-version":[{"id":549,"href":"https:\/\/peaudemiel.fr\/index.php\/wp-json\/wp\/v2\/posts\/548\/revisions\/549"}],"wp:attachment":[{"href":"https:\/\/peaudemiel.fr\/index.php\/wp-json\/wp\/v2\/media?parent=548"}],"wp:term":[{"taxonomy":"category","embeddable":true,"href":"https:\/\/peaudemiel.fr\/index.php\/wp-json\/wp\/v2\/categories?post=548"},{"taxonomy":"post_tag","embeddable":true,"href":"https:\/\/peaudemiel.fr\/index.php\/wp-json\/wp\/v2\/tags?post=548"}],"curies":[{"name":"wp","href":"https:\/\/api.w.org\/{rel}","templated":true}]}}