{"id":476,"date":"2020-01-10T07:20:21","date_gmt":"2020-01-10T06:20:21","guid":{"rendered":"http:\/\/peaudemiel.fr\/?p=476"},"modified":"2020-01-10T07:20:21","modified_gmt":"2020-01-10T06:20:21","slug":"peau-de-miel-a-5-ans","status":"publish","type":"post","link":"https:\/\/peaudemiel.fr\/index.php\/2020\/01\/10\/peau-de-miel-a-5-ans\/","title":{"rendered":"Peau de Miel \u00e0 5 ans"},"content":{"rendered":"\n<p style=\"text-align:center\"><\/p>\n\n\n\n<figure class=\"wp-block-image\"><img loading=\"lazy\" decoding=\"async\" width=\"787\" height=\"407\" src=\"http:\/\/peaudemiel.fr\/wp-content\/uploads\/2020\/01\/annee2020.jpg\" alt=\"Bonne ann\u00e9e 2020\" class=\"wp-image-477\" srcset=\"https:\/\/peaudemiel.fr\/wp-content\/uploads\/2020\/01\/annee2020.jpg 787w, https:\/\/peaudemiel.fr\/wp-content\/uploads\/2020\/01\/annee2020-300x155.jpg 300w, https:\/\/peaudemiel.fr\/wp-content\/uploads\/2020\/01\/annee2020-768x397.jpg 768w, https:\/\/peaudemiel.fr\/wp-content\/uploads\/2020\/01\/annee2020-600x310.jpg 600w, https:\/\/peaudemiel.fr\/wp-content\/uploads\/2020\/01\/annee2020-500x259.jpg 500w\" sizes=\"auto, (max-width: 787px) 100vw, 787px\" \/><figcaption>Bonne ann\u00e9e 2020<\/figcaption><\/figure>\n\n\n\n<p style=\"text-align:center\"><strong>Que le temps passe\u00a0!!!<\/strong><\/p>\n\n\n\n<p style=\"text-align:center\"><strong>Peau\nde Miel \u00e0 5 ans <\/strong>\n<\/p>\n\n\n\n<p style=\"text-align:center\">\n<strong>pour\nvous c\u00e9l\u00e9brer et vous remercier d\u2019\u00eatre les butineuses <\/strong>\n<\/p>\n\n\n\n<p style=\"text-align:center\"><strong>de\ncette belle histoire <\/strong>\n<\/p>\n\n\n\n<p style=\"text-align:center\"><strong>je\nvous offre du 10 au 31 janvier <\/strong>\n<\/p>\n\n\n\n<p style=\"text-align:center\"><strong>l\u2019\u00e9pilation\nde vos sourcils et ainsi<\/strong><\/p>\n\n\n\n<p style=\"text-align:center\">\n<strong>avoir\nle plus beau des regards <\/strong>\n<\/p>\n\n\n\n<p style=\"text-align:center\"><strong>et\ndes yeux de reine pour bien commencer l\u2019Ann\u00e9e<\/strong><\/p>\n\n\n\n<p style=\"text-align:center\"><strong>A\nbient\u00f4t Lola<\/strong><\/p>\n","protected":false},"excerpt":{"rendered":"<p>Que le temps passe\u00a0!!! Peau de Miel \u00e0 5 ans pour vous c\u00e9l\u00e9brer et vous remercier d\u2019\u00eatre les butineuses de cette belle histoire je vous offre du 10 au 31 janvier l\u2019\u00e9pilation de vos sourcils et ainsi avoir le plus &hellip; <a href=\"https:\/\/peaudemiel.fr\/index.php\/2020\/01\/10\/peau-de-miel-a-5-ans\/\">Lire la suite <span class=\"meta-nav\">&rarr;<\/span><\/a><\/p>\n","protected":false},"author":1,"featured_media":0,"comment_status":"closed","ping_status":"closed","sticky":false,"template":"","format":"standard","meta":{"ngg_post_thumbnail":0,"footnotes":""},"categories":[5,2],"tags":[],"class_list":["post-476","post","type-post","status-publish","format-standard","hentry","category-news","category-promo"],"_links":{"self":[{"href":"https:\/\/peaudemiel.fr\/index.php\/wp-json\/wp\/v2\/posts\/476","targetHints":{"allow":["GET"]}}],"collection":[{"href":"https:\/\/peaudemiel.fr\/index.php\/wp-json\/wp\/v2\/posts"}],"about":[{"href":"https:\/\/peaudemiel.fr\/index.php\/wp-json\/wp\/v2\/types\/post"}],"author":[{"embeddable":true,"href":"https:\/\/peaudemiel.fr\/index.php\/wp-json\/wp\/v2\/users\/1"}],"replies":[{"embeddable":true,"href":"https:\/\/peaudemiel.fr\/index.php\/wp-json\/wp\/v2\/comments?post=476"}],"version-history":[{"count":1,"href":"https:\/\/peaudemiel.fr\/index.php\/wp-json\/wp\/v2\/posts\/476\/revisions"}],"predecessor-version":[{"id":478,"href":"https:\/\/peaudemiel.fr\/index.php\/wp-json\/wp\/v2\/posts\/476\/revisions\/478"}],"wp:attachment":[{"href":"https:\/\/peaudemiel.fr\/index.php\/wp-json\/wp\/v2\/media?parent=476"}],"wp:term":[{"taxonomy":"category","embeddable":true,"href":"https:\/\/peaudemiel.fr\/index.php\/wp-json\/wp\/v2\/categories?post=476"},{"taxonomy":"post_tag","embeddable":true,"href":"https:\/\/peaudemiel.fr\/index.php\/wp-json\/wp\/v2\/tags?post=476"}],"curies":[{"name":"wp","href":"https:\/\/api.w.org\/{rel}","templated":true}]}}