{"id":426,"date":"2019-03-12T07:30:43","date_gmt":"2019-03-12T06:30:43","guid":{"rendered":"http:\/\/peaudemiel.fr\/?p=426"},"modified":"2019-03-12T07:30:43","modified_gmt":"2019-03-12T06:30:43","slug":"le-printemps-des-poetes-2019-a-peau-de-miel","status":"publish","type":"post","link":"https:\/\/peaudemiel.fr\/index.php\/2019\/03\/12\/le-printemps-des-poetes-2019-a-peau-de-miel\/","title":{"rendered":"Le Printemps des Po\u00e8tes 2019 \u00e0 Peau de Miel"},"content":{"rendered":"<p>Bonjour<\/p>\n<p style=\"text-align: center;\">En postant dans la \u2018\u2019boite \u00e0 po\u00e8me \u2018\u2019 au moment de votre rdv \u00e0 l\u2019institut<br \/>\nou bien dans ma boite \u00e0 lettre textes, r\u00eaves,souvenirs,<br \/>\nmessages,recettes po\u00e9tiques avec votre nom pr\u00e9nom et num\u00e9ro\u00a0 de t\u00e9l\u00e9phone<\/p>\n<p style=\"text-align: center;\">participez au tirage au sort et gagnez<\/p>\n<p>Un soin du visage<br \/>\n\u2018\u2019Douceur du Rucher\u2019\u2019<br \/>\nde Pol\u00e9nia<\/p>\n<p><em>Aujourd\u2019hui,la Beaut\u00e9 c\u2019est &#8230;<\/em><br \/>\n<em>l\u2019\u00e9quilibre parfait de la vie de la ruche !<\/em><br \/>\n<em>Un regard sur<\/em><br \/>\n<em>sa force ancestrale et son destin si fragile<\/em><\/p>\n","protected":false},"excerpt":{"rendered":"<p>Bonjour En postant dans la \u2018\u2019boite \u00e0 po\u00e8me \u2018\u2019 au moment de votre rdv \u00e0 l\u2019institut ou bien dans ma boite \u00e0 lettre textes, r\u00eaves,souvenirs, messages,recettes po\u00e9tiques avec votre nom pr\u00e9nom et num\u00e9ro\u00a0 de t\u00e9l\u00e9phone participez au tirage au sort &hellip; <a href=\"https:\/\/peaudemiel.fr\/index.php\/2019\/03\/12\/le-printemps-des-poetes-2019-a-peau-de-miel\/\">Lire la suite <span class=\"meta-nav\">&rarr;<\/span><\/a><\/p>\n","protected":false},"author":1,"featured_media":0,"comment_status":"closed","ping_status":"closed","sticky":false,"template":"","format":"standard","meta":{"ngg_post_thumbnail":0,"footnotes":""},"categories":[3,5],"tags":[],"class_list":["post-426","post","type-post","status-publish","format-standard","hentry","category-les-actions","category-news"],"_links":{"self":[{"href":"https:\/\/peaudemiel.fr\/index.php\/wp-json\/wp\/v2\/posts\/426","targetHints":{"allow":["GET"]}}],"collection":[{"href":"https:\/\/peaudemiel.fr\/index.php\/wp-json\/wp\/v2\/posts"}],"about":[{"href":"https:\/\/peaudemiel.fr\/index.php\/wp-json\/wp\/v2\/types\/post"}],"author":[{"embeddable":true,"href":"https:\/\/peaudemiel.fr\/index.php\/wp-json\/wp\/v2\/users\/1"}],"replies":[{"embeddable":true,"href":"https:\/\/peaudemiel.fr\/index.php\/wp-json\/wp\/v2\/comments?post=426"}],"version-history":[{"count":1,"href":"https:\/\/peaudemiel.fr\/index.php\/wp-json\/wp\/v2\/posts\/426\/revisions"}],"predecessor-version":[{"id":427,"href":"https:\/\/peaudemiel.fr\/index.php\/wp-json\/wp\/v2\/posts\/426\/revisions\/427"}],"wp:attachment":[{"href":"https:\/\/peaudemiel.fr\/index.php\/wp-json\/wp\/v2\/media?parent=426"}],"wp:term":[{"taxonomy":"category","embeddable":true,"href":"https:\/\/peaudemiel.fr\/index.php\/wp-json\/wp\/v2\/categories?post=426"},{"taxonomy":"post_tag","embeddable":true,"href":"https:\/\/peaudemiel.fr\/index.php\/wp-json\/wp\/v2\/tags?post=426"}],"curies":[{"name":"wp","href":"https:\/\/api.w.org\/{rel}","templated":true}]}}