{"id":376,"date":"2018-05-12T07:57:03","date_gmt":"2018-05-12T06:57:03","guid":{"rendered":"http:\/\/peaudemiel.fr\/?p=376"},"modified":"2018-05-12T08:04:01","modified_gmt":"2018-05-12T07:04:01","slug":"peau-de-miel-fete-les-mamans","status":"publish","type":"post","link":"https:\/\/peaudemiel.fr\/index.php\/2018\/05\/12\/peau-de-miel-fete-les-mamans\/","title":{"rendered":"Peau de Miel f\u00eate les mamans"},"content":{"rendered":"<h1 style=\"text-align: center;\">Peau de Miel f\u00eate les mamans<\/h1>\n<p><a href=\"http:\/\/peaudemiel.fr\/wp-content\/uploads\/2018\/05\/fdm_2018.jpg\"><img loading=\"lazy\" decoding=\"async\" class=\"aligncenter size-full wp-image-377\" src=\"http:\/\/peaudemiel.fr\/wp-content\/uploads\/2018\/05\/fdm_2018.jpg\" alt=\"cadeau f\u00eate des m\u00e8res\" width=\"424\" height=\"340\" srcset=\"https:\/\/peaudemiel.fr\/wp-content\/uploads\/2018\/05\/fdm_2018.jpg 424w, https:\/\/peaudemiel.fr\/wp-content\/uploads\/2018\/05\/fdm_2018-300x241.jpg 300w, https:\/\/peaudemiel.fr\/wp-content\/uploads\/2018\/05\/fdm_2018-374x300.jpg 374w\" sizes=\"auto, (max-width: 424px) 100vw, 424px\" \/><\/a><\/p>\n<p style=\"text-align: center;\">1 Bon Cadeau soin du visage au choix = 1 lotion propolia ou 1 lait d\u00e9maquillant propolia offert<\/p>\n<p style=\"text-align: center;\">3 maquillages au choix(rouge \u00e0 l\u00e8vres, poudre libre, mascara, crayon l\u00e8vres, fard \u00e0 paupi\u00e8res) = 1 sac AVRIL en coton bio offert<\/p>\n<p style=\"text-align: center;\">Offre valable jusqu\u2019au 27 Mai 2018 dans la limite du stock disponible<\/p>\n<p style=\"text-align: center;\">A tr\u00e8s bient\u00f4t&#8230; Lola<\/p>\n","protected":false},"excerpt":{"rendered":"<p>Peau de Miel f\u00eate les mamans 1 Bon Cadeau soin du visage au choix = 1 lotion propolia ou 1 lait d\u00e9maquillant propolia offert 3 maquillages au choix(rouge \u00e0 l\u00e8vres, poudre libre, mascara, crayon l\u00e8vres, fard \u00e0 paupi\u00e8res) = 1 &hellip; <a href=\"https:\/\/peaudemiel.fr\/index.php\/2018\/05\/12\/peau-de-miel-fete-les-mamans\/\">Lire la suite <span class=\"meta-nav\">&rarr;<\/span><\/a><\/p>\n","protected":false},"author":1,"featured_media":0,"comment_status":"closed","ping_status":"closed","sticky":false,"template":"","format":"standard","meta":{"ngg_post_thumbnail":0,"footnotes":""},"categories":[2],"tags":[],"class_list":["post-376","post","type-post","status-publish","format-standard","hentry","category-promo"],"_links":{"self":[{"href":"https:\/\/peaudemiel.fr\/index.php\/wp-json\/wp\/v2\/posts\/376","targetHints":{"allow":["GET"]}}],"collection":[{"href":"https:\/\/peaudemiel.fr\/index.php\/wp-json\/wp\/v2\/posts"}],"about":[{"href":"https:\/\/peaudemiel.fr\/index.php\/wp-json\/wp\/v2\/types\/post"}],"author":[{"embeddable":true,"href":"https:\/\/peaudemiel.fr\/index.php\/wp-json\/wp\/v2\/users\/1"}],"replies":[{"embeddable":true,"href":"https:\/\/peaudemiel.fr\/index.php\/wp-json\/wp\/v2\/comments?post=376"}],"version-history":[{"count":1,"href":"https:\/\/peaudemiel.fr\/index.php\/wp-json\/wp\/v2\/posts\/376\/revisions"}],"predecessor-version":[{"id":378,"href":"https:\/\/peaudemiel.fr\/index.php\/wp-json\/wp\/v2\/posts\/376\/revisions\/378"}],"wp:attachment":[{"href":"https:\/\/peaudemiel.fr\/index.php\/wp-json\/wp\/v2\/media?parent=376"}],"wp:term":[{"taxonomy":"category","embeddable":true,"href":"https:\/\/peaudemiel.fr\/index.php\/wp-json\/wp\/v2\/categories?post=376"},{"taxonomy":"post_tag","embeddable":true,"href":"https:\/\/peaudemiel.fr\/index.php\/wp-json\/wp\/v2\/tags?post=376"}],"curies":[{"name":"wp","href":"https:\/\/api.w.org\/{rel}","templated":true}]}}