{"id":371,"date":"2018-04-19T05:22:24","date_gmt":"2018-04-19T04:22:24","guid":{"rendered":"http:\/\/peaudemiel.fr\/?p=371"},"modified":"2018-04-19T05:22:24","modified_gmt":"2018-04-19T04:22:24","slug":"peau-de-miel-sera-a-la-journee-bien-etre-relaxation-en-famille","status":"publish","type":"post","link":"https:\/\/peaudemiel.fr\/index.php\/2018\/04\/19\/peau-de-miel-sera-a-la-journee-bien-etre-relaxation-en-famille\/","title":{"rendered":"Peau de Miel sera \u00e0 la JOURN\u00c9E BIEN-\u00caTRE &#038;  RELAXATION EN FAMILLE"},"content":{"rendered":"<p>MERCREDI 18 AVRIL \u00c0 SURG\u00c8RES<a href=\"http:\/\/peaudemiel.fr\/wp-content\/uploads\/2018\/04\/Flyer-petits-bonheurs-2018-1.pdf\"><img loading=\"lazy\" decoding=\"async\" class=\"alignleft wp-image-373 size-thumbnail\" src=\"http:\/\/peaudemiel.fr\/wp-content\/uploads\/2018\/04\/18avril2018-150x150.jpg\" alt=\"18avril2018\" width=\"150\" height=\"150\" \/><\/a><\/p>\n<p>JOURN\u00c9E BIEN-\u00caTRE &amp; RELAXATION EN FAMILLE<br \/>\nMatin\u00e9e pour la petite enfance<br \/>\nRelaxation,\u00a0 r\u00e9flexologie\u00a0 plantaire,<br \/>\nespace jeux<br \/>\nApr\u00e8s-midi tout public<br \/>\nR\u00e9flexologie\u00a0 plantaire,\u00a0 ateliers fabrication de produits de beaut\u00e9 \u00e0 base de miel, mandala,\u00a0 manga, espace jeux<br \/>\nRAM Ouest 06 16 29 57 98<\/p>\n<p>RAM Sud Est 06 16 29 57 88<\/p>\n<p>CAC 05 46 07 16 39<br \/>\nEspace Berlioz &amp; la Ritournelle<br \/>\nde 10h \u00e0 12h &amp; de 14h \u00e0 17h<\/p>\n","protected":false},"excerpt":{"rendered":"<p>MERCREDI 18 AVRIL \u00c0 SURG\u00c8RES JOURN\u00c9E BIEN-\u00caTRE &amp; RELAXATION EN FAMILLE Matin\u00e9e pour la petite enfance Relaxation,\u00a0 r\u00e9flexologie\u00a0 plantaire, espace jeux Apr\u00e8s-midi tout public R\u00e9flexologie\u00a0 plantaire,\u00a0 ateliers fabrication de produits de beaut\u00e9 \u00e0 base de miel, mandala,\u00a0 manga, espace jeux &hellip; <a href=\"https:\/\/peaudemiel.fr\/index.php\/2018\/04\/19\/peau-de-miel-sera-a-la-journee-bien-etre-relaxation-en-famille\/\">Lire la suite <span class=\"meta-nav\">&rarr;<\/span><\/a><\/p>\n","protected":false},"author":1,"featured_media":0,"comment_status":"closed","ping_status":"closed","sticky":false,"template":"","format":"standard","meta":{"ngg_post_thumbnail":0,"footnotes":""},"categories":[3],"tags":[],"class_list":["post-371","post","type-post","status-publish","format-standard","hentry","category-les-actions"],"_links":{"self":[{"href":"https:\/\/peaudemiel.fr\/index.php\/wp-json\/wp\/v2\/posts\/371","targetHints":{"allow":["GET"]}}],"collection":[{"href":"https:\/\/peaudemiel.fr\/index.php\/wp-json\/wp\/v2\/posts"}],"about":[{"href":"https:\/\/peaudemiel.fr\/index.php\/wp-json\/wp\/v2\/types\/post"}],"author":[{"embeddable":true,"href":"https:\/\/peaudemiel.fr\/index.php\/wp-json\/wp\/v2\/users\/1"}],"replies":[{"embeddable":true,"href":"https:\/\/peaudemiel.fr\/index.php\/wp-json\/wp\/v2\/comments?post=371"}],"version-history":[{"count":1,"href":"https:\/\/peaudemiel.fr\/index.php\/wp-json\/wp\/v2\/posts\/371\/revisions"}],"predecessor-version":[{"id":374,"href":"https:\/\/peaudemiel.fr\/index.php\/wp-json\/wp\/v2\/posts\/371\/revisions\/374"}],"wp:attachment":[{"href":"https:\/\/peaudemiel.fr\/index.php\/wp-json\/wp\/v2\/media?parent=371"}],"wp:term":[{"taxonomy":"category","embeddable":true,"href":"https:\/\/peaudemiel.fr\/index.php\/wp-json\/wp\/v2\/categories?post=371"},{"taxonomy":"post_tag","embeddable":true,"href":"https:\/\/peaudemiel.fr\/index.php\/wp-json\/wp\/v2\/tags?post=371"}],"curies":[{"name":"wp","href":"https:\/\/api.w.org\/{rel}","templated":true}]}}