{"id":328,"date":"2017-10-20T13:05:45","date_gmt":"2017-10-20T12:05:45","guid":{"rendered":"http:\/\/peaudemiel.fr\/?p=328"},"modified":"2017-10-20T13:06:06","modified_gmt":"2017-10-20T12:06:06","slug":"souvenirs-pro-de-mes-vacances","status":"publish","type":"post","link":"https:\/\/peaudemiel.fr\/index.php\/2017\/10\/20\/souvenirs-pro-de-mes-vacances\/","title":{"rendered":"Souvenirs \u00ab\u00a0PRO\u00a0\u00bb de mes Vacances"},"content":{"rendered":"<h1 style=\"text-align: center;\"><b>UNE ENTREPRISE DU PATRIMOINE VIVANT<\/b><\/h1>\n<p style=\"text-align: center;\">La derni\u00e8re fabrique Europ\u00e9enne de Pierre Naturelle \u00e0 aiguiser et \u00a0\u00bbLIMER\u00a0\u00bb<\/p>\n<p><a href=\"http:\/\/peaudemiel.fr\/wp-content\/uploads\/2017\/10\/saurat.png\"><img loading=\"lazy\" decoding=\"async\" class=\"aligncenter size-full wp-image-330\" src=\"http:\/\/peaudemiel.fr\/wp-content\/uploads\/2017\/10\/saurat.png\" alt=\"saurat\" width=\"614\" height=\"462\" srcset=\"https:\/\/peaudemiel.fr\/wp-content\/uploads\/2017\/10\/saurat.png 614w, https:\/\/peaudemiel.fr\/wp-content\/uploads\/2017\/10\/saurat-300x226.png 300w, https:\/\/peaudemiel.fr\/wp-content\/uploads\/2017\/10\/saurat-600x451.png 600w, https:\/\/peaudemiel.fr\/wp-content\/uploads\/2017\/10\/saurat-399x300.png 399w\" sizes=\"auto, (max-width: 614px) 100vw, 614px\" \/><\/a>C&rsquo;est \u00e0 Saurat en Ari\u00e8ge que se trouve la derni\u00e8re fabrique Fran\u00e7aise de<\/p>\n<p><b>pierres \u00e0 aiguiser naturelles<\/b><\/p>\n<p>Vid\u00e9o: <a href=\"https:\/\/www.youtube.com\/watch?v=aw5fkyzYmr8\" target=\"_blank\">https:\/\/www.youtube.com\/watch?v=aw5fkyzYmr8<\/a><\/p>\n<p style=\"text-align: center;\">labellis\u00e9e Entreprise du Patrimoine Vivant (<a href=\"http:\/\/www.landmade.fr\/entreprise-du-patrimoine-vivant-epv-2\/\">EPV<\/a>).\u00a0La finesse et la\u00a0puret\u00e9 min\u00e9ralogique\u00a0de ce\u00a0gr\u00e8s schisteux des Pyr\u00e9n\u00e9es\u00a0fait le bonheur des amateurs de pierres \u00e0 aiguiser, de pierres \u00e0 faux et de meules \u00e0 l&rsquo;ancienne depuis des lustres.<\/p>\n<p style=\"text-align: center;\">Ce don de la nature pyr\u00e9n\u00e9en fera \u00e9galement merveille pour remplacer les trop \u00e9ph\u00e9m\u00e8res limes \u00e0 ongles en carton \u00e9meris\u00e9&#8230;\u00a0L&rsquo;investissement dans la \u00ab\u00a0pierre\u00a0\u00bb n&rsquo;a donc jamais \u00e9t\u00e9 aussi rentable,<b> cette lime est inusable\u00a0!<\/b><\/p>\n<p style=\"text-align: center;\">Etui en cuir, forme en goutte d&rsquo;eau, pierre naturelle grain\u00e9e demi-dure des Pyr\u00e9n\u00e9es\u00a0.La lime pourra \u00eatre nettoy\u00e9e en la brossant \u00e0 l&rsquo;eau savonneuse\u00a0.<\/p>\n<div id=\"attachment_329\" style=\"width: 376px\" class=\"wp-caption alignleft\"><a href=\"http:\/\/peaudemiel.fr\/wp-content\/uploads\/2017\/10\/limegresariege.png\"><img loading=\"lazy\" decoding=\"async\" aria-describedby=\"caption-attachment-329\" class=\"size-full wp-image-329\" src=\"http:\/\/peaudemiel.fr\/wp-content\/uploads\/2017\/10\/limegresariege.png\" alt=\"Lime \u00e0 gr\u00e8s ariegeoise\" width=\"366\" height=\"387\" srcset=\"https:\/\/peaudemiel.fr\/wp-content\/uploads\/2017\/10\/limegresariege.png 366w, https:\/\/peaudemiel.fr\/wp-content\/uploads\/2017\/10\/limegresariege-284x300.png 284w\" sizes=\"auto, (max-width: 366px) 100vw, 366px\" \/><\/a><p id=\"caption-attachment-329\" class=\"wp-caption-text\">Lime \u00e0 gr\u00e8s ariegeoise<\/p><\/div>\n<p>&nbsp;<\/p>\n<p><strong><span style=\"color: #ff0000;\">12 \u20ac, EN VENTE A PEAU DE MIEL&#8230;<\/span><\/strong><\/p>\n","protected":false},"excerpt":{"rendered":"<p>UNE ENTREPRISE DU PATRIMOINE VIVANT La derni\u00e8re fabrique Europ\u00e9enne de Pierre Naturelle \u00e0 aiguiser et \u00a0\u00bbLIMER\u00a0\u00bb C&rsquo;est \u00e0 Saurat en Ari\u00e8ge que se trouve la derni\u00e8re fabrique Fran\u00e7aise de pierres \u00e0 aiguiser naturelles Vid\u00e9o: https:\/\/www.youtube.com\/watch?v=aw5fkyzYmr8 labellis\u00e9e Entreprise du Patrimoine Vivant &hellip; <a href=\"https:\/\/peaudemiel.fr\/index.php\/2017\/10\/20\/souvenirs-pro-de-mes-vacances\/\">Lire la suite <span class=\"meta-nav\">&rarr;<\/span><\/a><\/p>\n","protected":false},"author":1,"featured_media":0,"comment_status":"closed","ping_status":"closed","sticky":false,"template":"","format":"standard","meta":{"ngg_post_thumbnail":0,"footnotes":""},"categories":[5],"tags":[],"class_list":["post-328","post","type-post","status-publish","format-standard","hentry","category-news"],"_links":{"self":[{"href":"https:\/\/peaudemiel.fr\/index.php\/wp-json\/wp\/v2\/posts\/328","targetHints":{"allow":["GET"]}}],"collection":[{"href":"https:\/\/peaudemiel.fr\/index.php\/wp-json\/wp\/v2\/posts"}],"about":[{"href":"https:\/\/peaudemiel.fr\/index.php\/wp-json\/wp\/v2\/types\/post"}],"author":[{"embeddable":true,"href":"https:\/\/peaudemiel.fr\/index.php\/wp-json\/wp\/v2\/users\/1"}],"replies":[{"embeddable":true,"href":"https:\/\/peaudemiel.fr\/index.php\/wp-json\/wp\/v2\/comments?post=328"}],"version-history":[{"count":2,"href":"https:\/\/peaudemiel.fr\/index.php\/wp-json\/wp\/v2\/posts\/328\/revisions"}],"predecessor-version":[{"id":332,"href":"https:\/\/peaudemiel.fr\/index.php\/wp-json\/wp\/v2\/posts\/328\/revisions\/332"}],"wp:attachment":[{"href":"https:\/\/peaudemiel.fr\/index.php\/wp-json\/wp\/v2\/media?parent=328"}],"wp:term":[{"taxonomy":"category","embeddable":true,"href":"https:\/\/peaudemiel.fr\/index.php\/wp-json\/wp\/v2\/categories?post=328"},{"taxonomy":"post_tag","embeddable":true,"href":"https:\/\/peaudemiel.fr\/index.php\/wp-json\/wp\/v2\/tags?post=328"}],"curies":[{"name":"wp","href":"https:\/\/api.w.org\/{rel}","templated":true}]}}